[{"@context":"https:\/\/schema.org\/","@type":"Article","@id":"https:\/\/www.camellie.cz\/koupe-dvougeneracniho-domu-neni-jen-tak\/#Article","mainEntityOfPage":"https:\/\/www.camellie.cz\/koupe-dvougeneracniho-domu-neni-jen-tak\/","headline":"Koup\u011b dvougenera\u010dn\u00edho domu nen\u00ed jen tak","name":"Koup\u011b dvougenera\u010dn\u00edho domu nen\u00ed jen tak","description":"Dohodli jste se s rodi\u010di, \u017ee si po\u0159\u00edd\u00edte dvougenera\u010dn\u00ed d\u016fm a zbav\u00edte se dvou m\u011bstsk\u00fdch [&hellip;]","datePublished":"2023-09-23","dateModified":"2023-10-26","author":{"@type":"Person","@id":"https:\/\/www.camellie.cz\/author\/#Person","name":"","url":"https:\/\/www.camellie.cz\/author\/","identifier":1,"image":{"@type":"ImageObject","@id":"https:\/\/secure.gravatar.com\/avatar\/01173f1da90dde8adb887d6793fa4e42c4004e53f8d645d9b1cb57c2dee8e188?s=96&d=mm&r=g","url":"https:\/\/secure.gravatar.com\/avatar\/01173f1da90dde8adb887d6793fa4e42c4004e53f8d645d9b1cb57c2dee8e188?s=96&d=mm&r=g","height":96,"width":96}},"publisher":{"@type":"Organization","name":"camellie.cz","logo":{"@type":"ImageObject","@id":"\/logo.png","url":"\/logo.png","width":600,"height":60}},"image":{"@type":"ImageObject","@id":"https:\/\/www.camellie.cz\/wp-content\/uploads\/container-604368_640.jpg","url":"https:\/\/www.camellie.cz\/wp-content\/uploads\/container-604368_640.jpg","height":0,"width":0},"url":"https:\/\/www.camellie.cz\/koupe-dvougeneracniho-domu-neni-jen-tak\/","about":["Slu\u017eby"],"wordCount":409,"articleBody":"   Dohodli jste se s rodi\u010di, \u017ee si po\u0159\u00edd\u00edte dvougenera\u010dn\u00ed d\u016fm a zbav\u00edte se dvou m\u011bstsk\u00fdch byt\u016f nebo jednoho bytu a jednoho domu? Toto \u0159e\u0161en\u00ed poskytuje mnoho v\u00fdhod, pokud si spolu ob\u011b rodiny rozum\u00ed, nap\u0159\u00edklad se neob\u00e1v\u00e1te zlod\u011bj\u016f v dom\u011b, kdy jedete na dovolenou, proto\u017ee se domluv\u00edte a \u201edruh\u00e1 rodina\u201c d\u016fm v t\u00e9to dob\u011b pohl\u00edd\u00e1. Anebo se t\u00edmto zp\u016fsobem l\u00e9pe hl\u00eddaj\u00ed vnou\u010data, sn\u00e1ze se postar\u00e1te o zahradu a \u00fadr\u017ebu domu, kdy si rozd\u011bl\u00edte \u00fakoly, a tak\u00e9 se v\u00e1m v\u00fdznamn\u011b sn\u00ed\u017e\u00ed n\u00e1klady na vyt\u00e1p\u011bn\u00ed topen\u00edm z centr\u00e1ln\u00edho zdroje.Jakmile vy\u0159\u00edd\u00edte pot\u0159ebn\u00e9 formality a d\u016fm je p\u0159eveden na katastru nemovitost\u00ed, p\u0159ibl\u00ed\u017e\u00ed se term\u00edn st\u011bhov\u00e1n\u00ed. M\u016f\u017eete se domluvit, \u017ee v\u00e1m uvnit\u0159 p\u016fvodn\u00ed majitel p\u0159enech\u00e1 \u010d\u00e1st vybaven\u00ed, nebo objekt kompletn\u011b vyklid\u00ed, ka\u017edop\u00e1dn\u011b se m\u016f\u017eete dostat do situace, kdy se v\u00e1m nebude dost\u00e1vat voln\u00e9ho m\u00edsta pro ulo\u017een\u00ed va\u0161ich v\u011bc\u00ed. Bude zapot\u0159eb\u00ed zajistit vhodn\u00e9 do\u010dasn\u00e9 \u00falo\u017ei\u0161t\u011b, a to na p\u0159echodnou dobu n\u011bkolika dn\u016f a\u017e t\u00fddn\u016f a m\u011bs\u00edc\u016f. Jistou mo\u017enost\u00ed je nechat odv\u00e9zt va\u0161e v\u011bci do skladu st\u011bhovac\u00ed firmy, takto to tak\u00e9 n\u011bkte\u0159\u00ed lid\u00e9 prov\u00e1d\u00ed, ale sklad je daleko a pot\u0159ebujete-li n\u011bjakou v\u011bc akutn\u011b odtud vyzvednout, komplikuje to dlouh\u00e1 vzd\u00e1lenost a tak\u00e9 ochota st\u011bhov\u00e1k\u016f sklad v\u00e1m kdykoli (t\u0159eba v ned\u011bli r\u00e1no) otev\u0159\u00edt.V\u00fdhodn\u011bj\u0161\u00ed \u0159e\u0161en\u00ed je skladov\u00fd kontejner pron\u00e1jem https:\/\/www.otpsklady.cz\/. Tento ocelov\u00fd box v\u00e1m p\u0159istav\u00ed p\u0159\u00edmo na zahradu do bl\u00edzkosti va\u0161eho domu a m\u00e1te jej k dispozici po celou dobu st\u011bhov\u00e1n\u00ed \u010di p\u0159\u00edpadn\u00e9 rekonstrukce domu. Budete pak i snadno t\u0159\u00eddit va\u0161e v\u011bci, co p\u0159ijdou dovnit\u0159 do obytn\u00fdch prostor, a naopak kter\u00fdch se chcete zbavit prodejem v bazaru nebo v\u011bcn\u00fdm darem p\u0159\u00e1tel\u016fm nebo na charitativn\u00ed \u00fa\u010dely. Kontejner m\u016f\u017eete m\u00edt na zahrad\u011b libovoln\u011b dlouhou dobu dle dohody s pronaj\u00edmatelem a va\u0161\u00ed starost\u00ed je pouze zajistit dostate\u010dn\u011b velk\u00fd voln\u00fd prostor a p\u0159\u00edjezd n\u00e1kladn\u00edho vozidla s mobiln\u00edm je\u0159\u00e1bem.                                                                                                                                                                                                                                                                                                                                                                                          4.7\/5 - (4 votes)        "},{"@context":"https:\/\/schema.org\/","@type":"BreadcrumbList","itemListElement":[{"@type":"ListItem","position":1,"name":"Koup\u011b dvougenera\u010dn\u00edho domu nen\u00ed jen tak","item":"https:\/\/www.camellie.cz\/koupe-dvougeneracniho-domu-neni-jen-tak\/#breadcrumbitem"}]}]