[{"@context":"https:\/\/schema.org\/","@type":"Article","@id":"https:\/\/www.camellie.cz\/krajkovy-material\/#Article","mainEntityOfPage":"https:\/\/www.camellie.cz\/krajkovy-material\/","headline":"Krajkov\u00fd materi\u00e1l","name":"Krajkov\u00fd materi\u00e1l","description":"Je opravdu hodn\u011b materi\u00e1l\u016f, ze kter\u00fdch m\u016f\u017eeme n\u011bco vyr\u00e1b\u011bt. Jsou t\u0159eba samety nebo bavlny anebo [&hellip;]","datePublished":"2024-07-06","dateModified":"2024-07-06","author":{"@type":"Person","@id":"https:\/\/www.camellie.cz\/author\/#Person","name":"","url":"https:\/\/www.camellie.cz\/author\/","identifier":1,"image":{"@type":"ImageObject","@id":"https:\/\/secure.gravatar.com\/avatar\/01173f1da90dde8adb887d6793fa4e42c4004e53f8d645d9b1cb57c2dee8e188?s=96&d=mm&r=g","url":"https:\/\/secure.gravatar.com\/avatar\/01173f1da90dde8adb887d6793fa4e42c4004e53f8d645d9b1cb57c2dee8e188?s=96&d=mm&r=g","height":96,"width":96}},"publisher":{"@type":"Organization","name":"camellie.cz","logo":{"@type":"ImageObject","@id":"\/logo.png","url":"\/logo.png","width":600,"height":60}},"image":{"@type":"ImageObject","@id":"https:\/\/www.camellie.cz\/wp-content\/uploads\/lace-980736_960_720_1.jpg","url":"https:\/\/www.camellie.cz\/wp-content\/uploads\/lace-980736_960_720_1.jpg","height":0,"width":0},"url":"https:\/\/www.camellie.cz\/krajkovy-material\/","about":["N\u00e1kupy"],"wordCount":404,"articleBody":"   Je opravdu hodn\u011b materi\u00e1l\u016f, ze kter\u00fdch m\u016f\u017eeme n\u011bco vyr\u00e1b\u011bt. Jsou t\u0159eba samety nebo bavlny anebo r\u016fzn\u00e9 p\u0159\u00edrodn\u00ed l\u00e1tky, se kter\u00fdmi m\u016f\u017eeme pracovat. \u0158eknu v\u00e1m, \u017ee je p\u0159\u00edrodn\u00ed l\u00e1tky jsou nejvhodn\u011bj\u0161\u00ed pro mal\u00e9 d\u011bti, novorozence anebo dokonce i pro lidi, kte\u0159\u00ed maj\u00ed opravdu citlivou k\u016f\u017ei. Pr\u00e1v\u011b moje babi\u010dka m\u00e1 opravdu hodn\u011b citlivou k\u016f\u017ei. Ona je b\u00edl\u00e1 a m\u00e1 opravdu hodn\u011b pihatou k\u016f\u017ei. J\u00e1 tedy nev\u00edm, jestli je alergick\u00e1 na v\u0161echno, jak ona sama \u0159\u00edk\u00e1 nebo jestli si to ud\u011blala sama, proto\u017ee ona na sebe nechce v\u016fbec nic mazat, \u017e\u00e1dn\u00fd kr\u00e9m, ani \u017e\u00e1dn\u00fd olej\u00ed\u010dek. Jednodu\u0161e nic. Proto j\u00ed vad\u00ed tak\u00e9 jin\u00e9 materi\u00e1ly, ne\u017e na kter\u00e9 je zvykl\u00e1. T\u0159eba kdybych babi\u010dce dala n\u011bco krajkov\u00e9ho, t\u0159eba krajkov\u00e9 spodn\u00ed pr\u00e1dlo nebo krajkovou ko\u0161ilku, tak ona \u0159\u00edkala, \u017ee by to na sebe nikdy nevzala, \u017ee by krajka j\u00ed v\u0161ude \u0161kr\u00e1bala a \u017ee pr\u00fd by se snad u\u0161kr\u00e1bala. Tak jsem babi\u010dce \u0159ekla, \u017ee teda nev\u00edm, co bych j\u00ed m\u011bla koupit, proto\u017ee ona st\u00e1le nos\u00ed n\u011bjak\u00e9 pr\u00e1dlo nebo kombin\u00e9. A tak podobn\u011b. Babi\u010dce jsem tedy \u0159ekla, \u017ee kdyby n\u00e1hodou cht\u011bla potom n\u011bco p\u011bkn\u00e9ho, t\u0159eba krajkov\u00fd svetr anebo n\u011bjak\u00e9 tri\u010dko s krajkou, tak a\u0165 mi \u0159ekne, \u017ee bych j\u00ed tohle sehnala, proto\u017ee moje kamar\u00e1dka pracuje v jedn\u00e9 firm\u011b, kde se vyr\u00e1b\u00ed krajka.Pokud i vy m\u00e1te z\u00e1jem o krajku nebo se v\u00e1m l\u00edb\u00ed krajka, tak se m\u016f\u017eete pod\u00edvat na webov\u00e9 str\u00e1nky prima-obchod.cz. Jsou tam r\u016fzn\u00e9 produkty a dal\u0161\u00ed l\u00e1tky, jako nap\u0159\u00edklad madeira nebo t\u0159\u00e1sn\u011b a tak\u00e9 krajka. Krajka je opravdu hodn\u011b kr\u00e1sn\u00e1. Existuje tak\u00e9 egyptsk\u00e1 krajka. Egyptsk\u00e1 krajka je pr\u00e1v\u011b ta prav\u00e1 \u00fapln\u011b origin\u00e1ln\u00ed a vypad\u00e1 opravdu luxusn\u011b. Krajka byla tak\u00e9 d\u011bl\u00e1na tak, \u017ee se d\u011blala hlavn\u011b pro vysokou \u0161lechtu. Dneska u\u017e je to \u00fapln\u011b jedno. Dneska u\u017e krajku nos\u00ed \u00fapln\u011b v\u0161ichni lid\u00e9. Mn\u011b se ale tedy moc extra nel\u00edb\u00ed, ale t\u0159eba kdy\u017e jsem byla malinkat\u00e1 a maminka m\u011b obl\u00e9kala do krajek, tak se mi to moc l\u00edbilo. Pro d\u011bti je krajka opravdu kr\u00e1sn\u00e1.                                                                                                                                                                                                                                                                                                                                                                                           4.7\/5 - (7 votes)        "},{"@context":"https:\/\/schema.org\/","@type":"BreadcrumbList","itemListElement":[{"@type":"ListItem","position":1,"name":"Krajkov\u00fd materi\u00e1l","item":"https:\/\/www.camellie.cz\/krajkovy-material\/#breadcrumbitem"}]}]