[{"@context":"https:\/\/schema.org\/","@type":"Article","@id":"https:\/\/www.camellie.cz\/ktery-termin-je-pro-stehovani-idealni\/#Article","mainEntityOfPage":"https:\/\/www.camellie.cz\/ktery-termin-je-pro-stehovani-idealni\/","headline":"Kter\u00fd term\u00edn je pro st\u011bhov\u00e1n\u00ed ide\u00e1ln\u00ed","name":"Kter\u00fd term\u00edn je pro st\u011bhov\u00e1n\u00ed ide\u00e1ln\u00ed","description":"M\u00e1te mo\u017enost ovlivnit term\u00edn va\u0161eho st\u011bhov\u00e1n\u00ed? Jestli\u017ee nejste v\u00e1z\u00e1ni smluvn\u00edmi vztahy, v\u00fdpov\u011bdn\u00ed lh\u016ftou pronajat\u00e9ho bytu [&hellip;]","datePublished":"2023-09-01","dateModified":"2023-11-01","author":{"@type":"Person","@id":"https:\/\/www.camellie.cz\/author\/#Person","name":"","url":"https:\/\/www.camellie.cz\/author\/","identifier":1,"image":{"@type":"ImageObject","@id":"https:\/\/secure.gravatar.com\/avatar\/01173f1da90dde8adb887d6793fa4e42c4004e53f8d645d9b1cb57c2dee8e188?s=96&d=mm&r=g","url":"https:\/\/secure.gravatar.com\/avatar\/01173f1da90dde8adb887d6793fa4e42c4004e53f8d645d9b1cb57c2dee8e188?s=96&d=mm&r=g","height":96,"width":96}},"publisher":{"@type":"Organization","name":"camellie.cz","logo":{"@type":"ImageObject","@id":"\/logo.png","url":"\/logo.png","width":600,"height":60}},"image":{"@type":"ImageObject","@id":"https:\/\/www.camellie.cz\/wp-content\/uploads\/animal-3891272_640.jpg","url":"https:\/\/www.camellie.cz\/wp-content\/uploads\/animal-3891272_640.jpg","height":0,"width":0},"url":"https:\/\/www.camellie.cz\/ktery-termin-je-pro-stehovani-idealni\/","about":["Slu\u017eby"],"wordCount":421,"articleBody":"   M\u00e1te mo\u017enost ovlivnit term\u00edn va\u0161eho st\u011bhov\u00e1n\u00ed? Jestli\u017ee nejste v\u00e1z\u00e1ni smluvn\u00edmi vztahy, v\u00fdpov\u011bdn\u00ed lh\u016ftou pronajat\u00e9ho bytu a podobn\u00fdmi z\u00e1vazky, a m\u016f\u017eete si svobodn\u011b volit p\u0159esn\u00e9 datum, pak m\u00e1te v rukou pom\u011brn\u011b velkou zbra\u0148. Jak s n\u00ed ale nalo\u017eit, aby nebyla pou\u017eita proti v\u00e1m, n\u00fdbr\u017e slou\u017eila k va\u0161emu prosp\u011bchu?Jaro, l\u00e9to, podzim, zima \u2013 \u017ee se u n\u00e1s st\u0159\u00eddaj\u00ed \u010dty\u0159i ro\u010dn\u00ed obdob\u00ed, s t\u00edm se seznamuj\u00ed ji\u017e d\u011bti v p\u0159ed\u0161koln\u00edm v\u011bku. Toto pon\u011bkud sm\u011b\u0161n\u00e9 tvrzen\u00ed v\u0161ak dopln\u00edme pom\u011brn\u011b cennou informac\u00ed, \u017ee ide\u00e1ln\u00ed term\u00edn st\u011bhov\u00e1n\u00ed v P\u0159erov\u011b je na ja\u0159e nebo na podzim. V t\u00e9 dob\u011b jsou venkovn\u00ed teploty velmi p\u0159\u00edzniv\u00e9 pro pohybov\u00e9 aktivity a prakticky nehroz\u00ed \u017e\u00e1dn\u00e9 teplotn\u00ed extr\u00e9my. Sta\u010d\u00ed se p\u0159im\u011b\u0159en\u011b obl\u00e9knout do lehk\u00e9ho sportovn\u00edho od\u011bvu a m\u016f\u017eete se pustit do balen\u00ed v\u011bc\u00ed, demont\u00e1\u017ee n\u00e1bytku a dal\u0161\u00edch p\u0159\u00edpravn\u00fdch \u010dinnost\u00ed a prac\u00ed.St\u0159eda, \u010dtvrtek \u2013 ne, neob\u00e1vejte se, \u017ee tu budeme vyjmenov\u00e1vat v\u0161ech sedm dn\u00ed v t\u00fddnu, posta\u010d\u00ed pouh\u00e9 dva. Ve st\u0159edu a ve \u010dtvrtek jsou naprosto ide\u00e1ln\u00ed term\u00edny k p\u0159em\u00edst\u011bn\u00ed va\u0161ich v\u011bc\u00ed do jin\u00e9ho bydli\u0161t\u011b, proto\u017ee se ji\u017e bl\u00ed\u017e\u00ed v\u00edkend a lid\u00e9 neb\u00fdvaj\u00ed tak nerv\u00f3zn\u00ed a vystresovan\u00ed, jako v pond\u011bl\u00ed a v \u00fater\u00fd. Vyu\u017eijte toho a vezm\u011bte si volno i v p\u00e1tek, t\u00edm z\u00edsk\u00e1te dal\u0161\u00ed t\u0159i dny volna pro zabydlov\u00e1n\u00ed, vybalov\u00e1n\u00ed v\u011bc\u00ed z krabic a \u00faklid.Den a noc \u2013 dal\u0161\u00ed zd\u00e1nliv\u00e1 hloupost, ale p\u0159i st\u011bhov\u00e1n\u00ed pom\u011brn\u011b z\u00e1sadn\u00ed. N\u011bkter\u00fdm lidem toti\u017e vyhovuje st\u011bhov\u00e1n\u00ed v noci nebo velmi brzy r\u00e1no, p\u0159\u00edpadn\u011b nave\u010der. V t\u00e9to dob\u011b v\u00fdrazn\u011b kles\u00e1 hustota automobilov\u00e9ho provozu a mnoho lid\u00ed tak\u00e9 sp\u00ed, a jsou-li oby\u010dejn\u011b negativn\u011b nalad\u011bni, nevyza\u0159uj\u00ed negativn\u00ed my\u0161lenky a neovliv\u0148uj\u00ed jimi sv\u00e9 okol\u00ed. Kdo z v\u00e1s je citliv\u011bj\u0161\u00ed povahy, tento fakt snadno zaznamen\u00e1 a projev\u00ed se to i na samotn\u00e9m pr\u016fb\u011bhu st\u011bhov\u00e1n\u00ed. Bude z\u0159ejm\u011b pohodov\u011bj\u0161\u00ed, poklidn\u011bj\u0161\u00ed a m\u00e9n\u011b stresuj\u00edc\u00ed, a\u0165 se st\u011bhujete v jak\u00e9mkoli dnu i ro\u010dn\u00edm obdob\u00ed.                                                                                                                                                                                                                                                                                                                                                                                          3.8\/5 - (9 votes)        "},{"@context":"https:\/\/schema.org\/","@type":"BreadcrumbList","itemListElement":[{"@type":"ListItem","position":1,"name":"Kter\u00fd term\u00edn je pro st\u011bhov\u00e1n\u00ed ide\u00e1ln\u00ed","item":"https:\/\/www.camellie.cz\/ktery-termin-je-pro-stehovani-idealni\/#breadcrumbitem"}]}]