[{"@context":"https:\/\/schema.org\/","@type":"Article","@id":"https:\/\/www.camellie.cz\/levne-stany\/#Article","mainEntityOfPage":"https:\/\/www.camellie.cz\/levne-stany\/","headline":"Levn\u00e9 stany","name":"Levn\u00e9 stany","description":"Taky jste u\u017e n\u011bkdy p\u0159em\u00fd\u0161leli nad t\u00edm, \u017ee byste si ud\u011blali na zahrad\u011b nebo n\u011bkde [&hellip;]","datePublished":"2023-04-12","dateModified":"2024-04-10","author":{"@type":"Person","@id":"https:\/\/www.camellie.cz\/author\/#Person","name":"","url":"https:\/\/www.camellie.cz\/author\/","identifier":1,"image":{"@type":"ImageObject","@id":"https:\/\/secure.gravatar.com\/avatar\/01173f1da90dde8adb887d6793fa4e42c4004e53f8d645d9b1cb57c2dee8e188?s=96&d=mm&r=g","url":"https:\/\/secure.gravatar.com\/avatar\/01173f1da90dde8adb887d6793fa4e42c4004e53f8d645d9b1cb57c2dee8e188?s=96&d=mm&r=g","height":96,"width":96}},"publisher":{"@type":"Organization","name":"camellie.cz","logo":{"@type":"ImageObject","@id":"\/logo.png","url":"\/logo.png","width":600,"height":60}},"image":{"@type":"ImageObject","@id":"https:\/\/www.camellie.cz\/wp-content\/uploads\/indians-2898463_960_720_1.jpg","url":"https:\/\/www.camellie.cz\/wp-content\/uploads\/indians-2898463_960_720_1.jpg","height":0,"width":0},"url":"https:\/\/www.camellie.cz\/levne-stany\/","about":["Slu\u017eby"],"wordCount":438,"articleBody":"         Taky jste u\u017e n\u011bkdy p\u0159em\u00fd\u0161leli nad t\u00edm, \u017ee byste si ud\u011blali na zahrad\u011b nebo n\u011bkde jinde po\u0159\u00e1dnou oslavu? Proto\u017ee nezn\u00e1m opravdu nikoho, kter\u00fd by netou\u017eil po tom, \u017ee by si n\u011bkdy ud\u011blal po\u0159\u00e1dnou oslavu u sebe na zahrad\u011b anebo tak podobn\u011b, proto\u017ee kdy\u017e nad t\u00edm tak p\u0159em\u00fd\u0161l\u00edm, tak takov\u00e9 venkovn\u00ed p\u00e1rty je v\u017edycky nejlep\u0161\u00ed, proto\u017ee tam v\u017edycky je nejv\u011bt\u0161\u00ed z\u00e1bava. J\u00e1 jsem na sv\u00e9 zahrad\u011b u\u017e ud\u011blala tolik z\u00e1bavy a tolik p\u00e1rty, \u017ee j\u00e1 u\u017e bych to ani snad nespo\u010d\u00edtala. Proto\u017ee m\u00e1me velikou zahradu, tak by byla velik\u00e1 \u0161koda, kdyby se tady v\u016fbec nic ned\u011blo. A sice tady vedle m\u00e1me tak\u00e9 v\u010dely, kter\u00e9 v l\u00e9t\u011b opravdu n\u011bkdy um\u00ed po\u0159\u00e1dn\u011b potr\u00e1pit, ale to n\u00e1m nezabr\u00e1n\u00ed v tom, bychom si ud\u011blali na zahrad\u011b velikou party. A vad\u00ed mi, \u017ee n\u011bkdy se stane to, \u017ee za\u010dne pr\u0161et. A kdy\u017e m\u00e1te t\u0159eba pozvan\u00fdch dvacet lid\u00ed, a to v\u010detn\u011b n\u011bkter\u00fdch mal\u00fdch d\u011bt\u00ed, tak v\u00e1s to jist\u011b zamrz\u00ed. A ne\u017e abych to m\u011bla ru\u0161it, tak jsem si rad\u0161i webov\u00e9 str\u00e1nky tentino.cz objednala kr\u00e1sn\u00e9 p\u00e1rty stany. V\u011b\u0159te mi, \u017ee kdy\u017e si pronajmete nap\u0159\u00edklad p\u00e1rty stan, tak ud\u011bl\u00e1te dob\u0159e. Proto\u017ee takhle v\u00e1s alespo\u0148 \u0161kared\u011b nep\u0159ekvap\u00ed n\u011bjak\u00fd d\u00e9\u0161\u0165 anebo siln\u00fd v\u00edtr. Pokud si mysl\u00edte, \u017ee nejsou kvalitn\u00ed pron\u00e1jmy p\u00e1rty stan\u016f z t\u00e9to webov\u00e9 str\u00e1nky, tak se m\u00fdl\u00edte. Proto\u017ee pron\u00e1jmy t\u011bchto p\u00e1rty stan\u016f jsou opravdu kvalitn\u00ed. M\u016f\u017eete se tady koupili zeptat, proto\u017ee jsou v\u0161ude opravdu sam\u00e9 skv\u011bl\u00e9 recenze, kter\u00e9 najdete na t\u00e9to webov\u00e9 str\u00e1nce. A samoz\u0159ejm\u011b tak\u00e9 cen\u00edk pron\u00e1jmu p\u00e1rty stan\u016f. J\u00e1 jsem sama byla docela p\u0159ekvapen\u00e1, kdy\u017e jsem se pod\u00edvala na cen\u00edk pronaj\u00edm\u00e1n\u00ed p\u00e1rty stan\u016f. Ceny jsou opravdu skv\u011bl\u00e9. A nen\u00ed to tak p\u0159edra\u017een\u00e9, jak jsem si myslela. Tak\u017ee pro m\u011b v\u016fbec nen\u00ed \u017e\u00e1dn\u00fd probl\u00e9m, kdybych si t\u0159eba pronajala n\u011bjak\u00fd kr\u00e1sn\u00fd p\u00e1rty stan na cel\u00fd v\u00edkend. A v\u016fbec to nezruinuje moji pen\u011b\u017eenku a nejlep\u0161\u00ed na tom bude, \u017ee hlavn\u011b host\u00e9 tohle ocen\u00ed, proto\u017ee p\u016fjde vid\u011bt, \u017ee m\u00e1m o tuto oslavu velk\u00fd z\u00e1jem, a to hlavn\u011b tak\u00e9 o svoje hosty.                                                                                                                                                                                                                                                                                                                                                                                          4.2\/5 - (5 votes)        "},{"@context":"https:\/\/schema.org\/","@type":"BreadcrumbList","itemListElement":[{"@type":"ListItem","position":1,"name":"Levn\u00e9 stany","item":"https:\/\/www.camellie.cz\/levne-stany\/#breadcrumbitem"}]}]