[{"@context":"https:\/\/schema.org\/","@type":"Article","@id":"https:\/\/www.camellie.cz\/online-svet\/#Article","mainEntityOfPage":"https:\/\/www.camellie.cz\/online-svet\/","headline":"Online sv\u011bt","name":"Online sv\u011bt","description":"Informa\u010dn\u00ed technologie jsou v\u0161ude po cel\u00e9m sv\u011bt\u011b. Abych pravdu \u0159ekla, tak u\u017e ani nev\u00edm, kde [&hellip;]","datePublished":"2022-09-29","dateModified":"2022-09-29","author":{"@type":"Person","@id":"https:\/\/www.camellie.cz\/author\/#Person","name":"","url":"https:\/\/www.camellie.cz\/author\/","identifier":1,"image":{"@type":"ImageObject","@id":"https:\/\/secure.gravatar.com\/avatar\/01173f1da90dde8adb887d6793fa4e42c4004e53f8d645d9b1cb57c2dee8e188?s=96&d=mm&r=g","url":"https:\/\/secure.gravatar.com\/avatar\/01173f1da90dde8adb887d6793fa4e42c4004e53f8d645d9b1cb57c2dee8e188?s=96&d=mm&r=g","height":96,"width":96}},"publisher":{"@type":"Organization","name":"camellie.cz","logo":{"@type":"ImageObject","@id":"\/logo.png","url":"\/logo.png","width":600,"height":60}},"image":{"@type":"ImageObject","@id":"https:\/\/www.camellie.cz\/wp-content\/uploads\/money-g4bf16c60c_640.jpg","url":"https:\/\/www.camellie.cz\/wp-content\/uploads\/money-g4bf16c60c_640.jpg","height":0,"width":0},"url":"https:\/\/www.camellie.cz\/online-svet\/","about":["IT"],"wordCount":424,"articleBody":"Informa\u010dn\u00ed technologie jsou v\u0161ude po cel\u00e9m sv\u011bt\u011b. Abych pravdu \u0159ekla, tak u\u017e ani nev\u00edm, kde se to v\u0161echno sebralo. A je to u\u017e asi star\u00e9 jako lidstvo samo. I kdy\u017e se v\u00e1m to mo\u017en\u00e1 nezd\u00e1, tak informa\u010dn\u00ed technologie tady jsou opravdu hodn\u011b dlouho. Kdyby to v\u0161echno bylo na m\u011b, tak j\u00e1 si mo\u017en\u00e1 pamatuji dobu, kter\u00e1 byla tak p\u0159ed dvaceti lety. To se mo\u017en\u00e1 tak rozjelo v\u0161echno, co je dneska \u00fapln\u011b u\u017e norm\u00e1ln\u00ed. Jako t\u0159eba barevn\u00e1 televize anebo mobiln\u00ed telefon \u010di r\u00e1dio.A kdy\u017e se potom roz\u0161\u00ed\u0159il po\u010d\u00edta\u010d, tak to mi u\u017e bylo \u0161estn\u00e1ct let. To je docela ned\u00e1vno. Nyn\u00ed je mi t\u0159icet p\u011bt let. A mus\u00edm \u0159\u00edct, \u017ee jsem ze za\u010d\u00e1tku je\u0161t\u011b v\u016fbec nev\u011bd\u011bla, jak informa\u010dn\u00ed technologie anebo po\u010d\u00edta\u010d pou\u017e\u00edvat. No, tak\u017ee mi bylo trapn\u011b a p\u0159ipadala jsme si jako\u00a0neznalec\u00a0a jako v\u016fl. V\u016fbec jsem nev\u011bd\u011bla, na co zm\u00e1\u010dknout a kdy a jak. Tak\u017ee jsem byla docela v \u0161oku, kdy\u017e potom p\u0159i\u0161el n\u011bjak\u00fd star\u0161\u00ed p\u00e1n, aby mi uk\u00e1zal, jak fotit a jak s \u010d\u00edm d\u00e1le zach\u00e1zet. U toho taky byla p\u0159\u00edtomna m\u00e1ma a taky m\u016fj otec a bratr, aby se pod\u00edvali tak\u00e9. Nejhor\u0161\u00ed na tom bylo, \u017ee jsme od po\u010d\u00edta\u010de a informa\u010dn\u00ed technologie skoro nikdo nic n\u00e1s z rodiny nepochopil, tak\u017ee to bylo tak, jako kdyby n\u00e1m pan odborn\u00edk specialista v\u016fbec nic ne\u0159ekl.Tak\u017ee co jsme to asi za rodinu? Co si o n\u00e1s musel myslet? Asi \u017ee jsme hloup\u00ed a \u017ee nem\u00e1me smysl pro futurismus, jenom\u017ee j\u00e1 nev\u00edm, jak s\u00a0informacemi\u00a0zach\u00e1zet a jak je pou\u017e\u00edt. A na neznalost po\u010d\u00edta\u010d\u016f a obecn\u011b informa\u010dn\u00ed technologie mi z\u016fstala dodnes. Rozum\u00edm jazyk\u016fm a taky historii, ale co se t\u00fd\u010de informa\u010dn\u00ed technologie a technice a po\u010d\u00edta\u010d\u016f, tak to jsem \u00fapln\u00fd bl\u00e1zen, \u017ee jsem z toho jelen a absolutn\u011b nic neum\u00edm. Opravdu sl\u00e1va\u00a0aj\u0165\u00e1k\u016fm.\u00a0V\u00e1\u017en\u011b\u00a0bych se taky\u00a0zlep\u0161it,\u00a0proto\u017ee\u00a0v\u00a0dne\u0161n\u00ed\u00a0dob\u011b je um\u011bn\u00ed na\u00a0po\u010d\u00edta\u010di\u00a0snad u\u017e povinnost. J\u00e1 um\u00edm ty z\u00e1klady,\u00a0ale\u00a0to v\u00a0dne\u0161n\u00ed\u00a0dob\u011b bohu\u017eel u\u017e nesta\u010d\u00ed. Doba jde\u00a0dop\u0159edu,\u00a0a to\u00a0v\u010detn\u011b\u00a0informa\u010dn\u00ed\u00a0technologie.\u00a0                                                                                                                                                                                                                                                                                                                                                                                        4.6\/5 - (5 votes)        "},{"@context":"https:\/\/schema.org\/","@type":"BreadcrumbList","itemListElement":[{"@type":"ListItem","position":1,"name":"Online sv\u011bt","item":"https:\/\/www.camellie.cz\/online-svet\/#breadcrumbitem"}]}]