[{"@context":"https:\/\/schema.org\/","@type":"Article","@id":"https:\/\/www.camellie.cz\/prace-s-webem\/#Article","mainEntityOfPage":"https:\/\/www.camellie.cz\/prace-s-webem\/","headline":"Pr\u00e1ce s webem","name":"Pr\u00e1ce s webem","description":"Zvl\u00e1dli byste ud\u011blat webov\u00e9 str\u00e1nky? Pov\u00edm v\u00e1m, \u017ee ud\u011blat webov\u00e9 str\u00e1nky je pro n\u011bkoho opravdu [&hellip;]","datePublished":"2023-11-23","dateModified":"2023-11-23","author":{"@type":"Person","@id":"https:\/\/www.camellie.cz\/author\/#Person","name":"","url":"https:\/\/www.camellie.cz\/author\/","identifier":1,"image":{"@type":"ImageObject","@id":"https:\/\/secure.gravatar.com\/avatar\/01173f1da90dde8adb887d6793fa4e42c4004e53f8d645d9b1cb57c2dee8e188?s=96&d=mm&r=g","url":"https:\/\/secure.gravatar.com\/avatar\/01173f1da90dde8adb887d6793fa4e42c4004e53f8d645d9b1cb57c2dee8e188?s=96&d=mm&r=g","height":96,"width":96}},"publisher":{"@type":"Organization","name":"camellie.cz","logo":{"@type":"ImageObject","@id":"\/logo.png","url":"\/logo.png","width":600,"height":60}},"image":{"@type":"ImageObject","@id":"https:\/\/www.camellie.cz\/wp-content\/uploads\/laptop-2411303_1280_4.jpg","url":"https:\/\/www.camellie.cz\/wp-content\/uploads\/laptop-2411303_1280_4.jpg","height":0,"width":0},"url":"https:\/\/www.camellie.cz\/prace-s-webem\/","about":["Www"],"wordCount":423,"articleBody":"Zvl\u00e1dli byste ud\u011blat webov\u00e9 str\u00e1nky? Pov\u00edm v\u00e1m, \u017ee ud\u011blat webov\u00e9 str\u00e1nky je pro n\u011bkoho opravdu hodn\u011b slo\u017eit\u00e9 a tak\u00e9 n\u00e1ro\u010dn\u00e9. I kdy\u017e jsme se to u\u010dili na st\u0159edn\u00ed \u0161kole a potom tak\u00e9 je\u0161t\u011b na vysok\u00e9 \u0161kole, tak jsem v\u016fbec nev\u011bd\u011bla, jak to m\u00e1m d\u011blat. Poka\u017ed\u00e9 jsem to n\u011bjak ud\u011blala ve dvojici nebo my. S t\u00edm potom doma tak\u00e9 je\u0161t\u011b pom\u00e1hala sestra anebo m\u016fj bratr. Ti dva na to byli docela dob\u0159\u00ed. M\u016fj bratr byl pr\u00e1v\u011b po\u010d\u00edta\u010dov\u00fd technik a um\u011bl ud\u011blat webov\u00e9 str\u00e1nky opravdu jednodu\u0161e a tak\u00e9 hlavn\u011b rychle. M\u016fj bratr se t\u00edm \u017eivil a um\u011bl ud\u011blat webov\u00e9 str\u00e1nky tak\u00e9 p\u0159ehledn\u011b.Takov\u00e9 jednoduch\u00e9, ale um\u011bl d\u011blat tak\u00e9 slo\u017eit\u00e9 v\u011bci, ud\u011blat webov\u00e9 str\u00e1nky kvalitn\u011b a p\u0159ehledn\u011b a tak\u00e9 rychle. Tak to chce opravdu velikou odvahu a velikou zru\u010dnost. Nech\u00e1pu, \u017ee j\u00e1 jsem se jako jedin\u00e1 nevyvedla. Mysl\u00edm si, \u017ee moji sourozenci u\u017e je tak narodili, \u017ee m\u011bli p\u0159edpoklady pro techniku anebo proto, aby pracovali s po\u010d\u00edta\u010dem a tak\u00e9 zvl\u00e1dli webov\u00e9 str\u00e1nky. J\u00e1 bohu\u017eel na po\u010d\u00edta\u010di neum\u00edm t\u00e9m\u011b\u0159 nic. Ale abych se p\u0159iznala, tak zase v\u011bcem na po\u010d\u00edta\u010di se opravdu u\u010d\u00edm. Tak\u00e9 se sna\u017e\u00edm, proto\u017ee chce tak\u00e9 toho na po\u010d\u00edta\u010di um\u011bt v\u00edce sice nepot\u0159ebuji, abych vyr\u00e1b\u011bla webov\u00e9 str\u00e1nky nebo abych se starala o webov\u00e9 str\u00e1nky, ale tak\u00e9 bych se cht\u011bla ud\u011blat svoje webov\u00e9 str\u00e1nky, proto\u017ee chov\u00e1m ko\u010dky a psy a tak\u00e9 zakrsl\u00e9 kr\u00e1l\u00edky. A \u0159ekla jsem si, \u017ee abych nem\u011bla pouze jenom str\u00e1nku na Facebooku a jin\u00fdch soci\u00e1ln\u00edch s\u00edt\u00edch, \u017ee bych tak\u00e9 mohla m\u00edt vlastn\u00ed webovou str\u00e1nku. Sice ano, mohla bych \u0159\u00edct sv\u00e9mu bratrovi nebo sest\u0159e, aby mi ud\u011blali webov\u00e9 str\u00e1nky, ale j\u00e1 se to chci ud\u011blat opravdu v\u0161echno sama. Chci tak\u00e9 n\u011bco zvl\u00e1dnout. A tak \u0159eknu alespo\u0148 bratrovi a sest\u0159e, aby mi s t\u00edm pomohli, aby mi radili a ukazovali, co m\u00e1m d\u011blat, abych m\u011bla opravdu kr\u00e1sn\u00e9 a p\u0159ehledn\u00e9 kvalitn\u00ed webov\u00e9 str\u00e1nky. Bez nich to asi opravdu u\u017e v dne\u0161n\u00ed dob\u011b nejde.\u00a0                                                                                                                                                                                                                                                                                                                                                                                        4.6\/5 - (8 votes)        "},{"@context":"https:\/\/schema.org\/","@type":"BreadcrumbList","itemListElement":[{"@type":"ListItem","position":1,"name":"Pr\u00e1ce s webem","item":"https:\/\/www.camellie.cz\/prace-s-webem\/#breadcrumbitem"}]}]