[{"@context":"https:\/\/schema.org\/","@type":"Article","@id":"https:\/\/www.camellie.cz\/pro-krasne-vlasy\/#Article","mainEntityOfPage":"https:\/\/www.camellie.cz\/pro-krasne-vlasy\/","headline":"Pro kr\u00e1sn\u00e9 vlasy","name":"Pro kr\u00e1sn\u00e9 vlasy","description":"Kr\u00e1sn\u00e9 vlasy nejsou samoz\u0159ejmost. Do ur\u010dit\u00e9 m\u00edry dok\u00e1\u017ee ovlivnit genetika, jak budou na\u0161e vlasy vypadat, [&hellip;]","datePublished":"2024-12-27","dateModified":"2024-12-27","author":{"@type":"Person","@id":"https:\/\/www.camellie.cz\/author\/#Person","name":"","url":"https:\/\/www.camellie.cz\/author\/","identifier":1,"image":{"@type":"ImageObject","@id":"https:\/\/secure.gravatar.com\/avatar\/01173f1da90dde8adb887d6793fa4e42c4004e53f8d645d9b1cb57c2dee8e188?s=96&d=mm&r=g","url":"https:\/\/secure.gravatar.com\/avatar\/01173f1da90dde8adb887d6793fa4e42c4004e53f8d645d9b1cb57c2dee8e188?s=96&d=mm&r=g","height":96,"width":96}},"publisher":{"@type":"Organization","name":"camellie.cz","logo":{"@type":"ImageObject","@id":"\/logo.png","url":"\/logo.png","width":600,"height":60}},"image":{"@type":"ImageObject","@id":"https:\/\/www.camellie.cz\/wp-content\/uploads\/blonde-1838947_640(1).jpg","url":"https:\/\/www.camellie.cz\/wp-content\/uploads\/blonde-1838947_640(1).jpg","height":0,"width":0},"url":"https:\/\/www.camellie.cz\/pro-krasne-vlasy\/","about":["N\u00e1kupy"],"wordCount":396,"articleBody":"          Kr\u00e1sn\u00e9 vlasy nejsou samoz\u0159ejmost. Do ur\u010dit\u00e9 m\u00edry dok\u00e1\u017ee ovlivnit genetika, jak budou na\u0161e vlasy vypadat, ale jsme to nakonec jen my sami, kdo ovlivn\u00ed stav va\u0161ich vlas\u016f. Zejm\u00e9na \u017eeny si \u010dasto vlasy barv\u00ed a velmi \u010dasto nenav\u0161t\u011bvuj\u00ed kade\u0159nick\u00e9 salony, kde se jim dostane kvalitn\u00ed a odborn\u00e9 p\u00e9\u010de za pomoc\u00ed kvalitn\u00edch p\u0159\u00edpravk\u016f. Mnoho \u017een se barv\u00ed samo doma, nepou\u017e\u00edvaj\u00ed kvalitn\u00ed barvy, ni\u010d\u00ed si je b\u011blen\u00edm a nespr\u00e1vn\u00fdm vysou\u0161en\u00edm. Existuj\u00ed tak\u00e9 r\u016fzn\u00e9 nemoci, kter\u00e9 maj\u00ed za d\u016fsledek vypad\u00e1v\u00e1n\u00ed vlas\u016f. Velk\u00e1 \u010d\u00e1st \u017een m\u00e1 probl\u00e9my s t\u00edm, \u017ee jim vlasy nerostou, a tud\u00ed\u017e maj\u00ed m\u00e1lo vlas\u016f. Jedin\u00e1 mo\u017enost je zkusit podpo\u0159it r\u016fst vlas\u016f pomoc\u00ed speci\u00e1ln\u00edch p\u0159\u00edpravk\u016f, co\u017e ale u ka\u017ed\u00e9ho nefunguje. Dal\u0161\u00ed mo\u017enost\u00ed je no\u0161en\u00ed kvalitn\u00edch paruk, kter\u00e9 jsou k nerozezn\u00e1n\u00ed od prav\u00fdch vlas\u016f. A posledn\u00ed mo\u017enost\u00ed je prodlu\u017eov\u00e1n\u00ed vlas\u016f.Kolik stoj\u00ed prodlou\u017een\u00ed vlas\u016f?Cena za prodlu\u017eov\u00e1n\u00ed vlas\u016f se li\u0161\u00ed podle toho, jak\u00e1 technika se pou\u017eije a na kone\u010dnou cenu m\u00e1 vliv samoz\u0159ejm\u011b i to, kolik pramen\u016f je pot\u0159eba. Pokud m\u00e1te svoje vlasy \u0159\u00eddk\u00e9 a kr\u00e1tk\u00e9, bude zapot\u0159eb\u00ed pou\u017e\u00edt v\u00edce pramen\u016f ne\u017e v p\u0159\u00edpad\u011b, kdy v\u00e1m ke \u0161t\u011bst\u00ed chyb\u00ed jen p\u00e1r centimetr\u016f. V p\u0159\u00edpad\u011b \u017ee budete zva\u017eovat prodlou\u017een\u00ed vlas\u016f, je zapot\u0159eb\u00ed naj\u00edt si kvalitn\u00ed salon.Tam dojde k anal\u00fdze vlas\u016f a dozv\u00edte se, jak\u00e1 metoda pro v\u00e1s bude nejlep\u0161\u00ed. Z\u00e1rove\u0148 v\u00e1m pan\u00ed kade\u0159nice \u0159ekne, kolik pramen\u016f bude zapot\u0159eb\u00ed aby se dos\u00e1hlo pot\u0159ebn\u00e9ho v\u00fdsledku. Na cenu prodlou\u017een\u00ed m\u00e1 vliv i typ vlas\u016f kter\u00fd se pou\u017eije. Velmi \u010dasto se pracuje s indick\u00fdmi vlasy, ale klientky si \u017e\u00e1daj\u00ed zejm\u00e9na vlasy evropsk\u00e9, kter\u00e9 jsou dra\u017e\u0161\u00ed. Cena za prodlou\u017een\u00ed m\u016f\u017ee b\u00fdt od t\u0159\u00ed tis\u00edc korun, tud\u00ed\u017e v\u00e1s nemus\u00ed vyj\u00edt draze. Doporu\u010duje se chodit na posunut\u00ed spoj\u016f zhruba dva a\u017e t\u0159i m\u011bs\u00edce, aby na vlasech nebylo vid\u011bt, \u017ee byly prodlu\u017eovan\u00e9. Spoje budou hezky schovan\u00e9 a vlasy budou vypadat p\u0159irozen\u011b kr\u00e1sn\u00e9. Dop\u0159ejte si vlasy, po kter\u00fdch tou\u017e\u00edte.                                                                                                                                                                                                                                                                                                                                                                                          4.4\/5 - (16 votes)        "},{"@context":"https:\/\/schema.org\/","@type":"BreadcrumbList","itemListElement":[{"@type":"ListItem","position":1,"name":"Pro kr\u00e1sn\u00e9 vlasy","item":"https:\/\/www.camellie.cz\/pro-krasne-vlasy\/#breadcrumbitem"}]}]