[{"@context":"https:\/\/schema.org\/","@type":"Article","@id":"https:\/\/www.camellie.cz\/uz-za-prvni-republiky\/#Article","mainEntityOfPage":"https:\/\/www.camellie.cz\/uz-za-prvni-republiky\/","headline":"U\u017e za prvn\u00ed republiky","name":"U\u017e za prvn\u00ed republiky","description":"U\u017e v dob\u00e1ch prvn\u00ed republiky lid\u00e9 r\u00e1di vyr\u00e1\u017eeli do dalmatsk\u00e9 oblasti. V t\u00e9 dob\u011b to [&hellip;]","datePublished":"2025-01-06","dateModified":"2025-01-06","author":{"@type":"Person","@id":"https:\/\/www.camellie.cz\/author\/#Person","name":"","url":"https:\/\/www.camellie.cz\/author\/","identifier":1,"image":{"@type":"ImageObject","@id":"https:\/\/secure.gravatar.com\/avatar\/01173f1da90dde8adb887d6793fa4e42c4004e53f8d645d9b1cb57c2dee8e188?s=96&d=mm&r=g","url":"https:\/\/secure.gravatar.com\/avatar\/01173f1da90dde8adb887d6793fa4e42c4004e53f8d645d9b1cb57c2dee8e188?s=96&d=mm&r=g","height":96,"width":96}},"publisher":{"@type":"Organization","name":"camellie.cz","logo":{"@type":"ImageObject","@id":"\/logo.png","url":"\/logo.png","width":600,"height":60}},"url":"https:\/\/www.camellie.cz\/uz-za-prvni-republiky\/","wordCount":169,"articleBody":"U\u017e v dob\u00e1ch prvn\u00ed republiky lid\u00e9 r\u00e1di vyr\u00e1\u017eeli do dalmatsk\u00e9 oblasti. V t\u00e9 dob\u011b to je\u0161t\u011b neb\u00fdvalo v tom prav\u00e9m slova smyslu za \u00fa\u010delem rekreace, tak jak je to zn\u00e1mo dnes, ale l\u00e9ka\u0159i pom\u011brn\u011b \u010dasto doporu\u010dovali mo\u0159sk\u00fd vzduch. To ov\u0161em plat\u00ed dodnes. Jsou lid\u00e9, pro kter\u00e9 je toto klima skute\u010dn\u011b velmi prosp\u011b\u0161n\u00e9 a m\u011bli by do takov\u00fdch lokalit vyrazit nejm\u00e9n\u011b jednou \u010di dvakr\u00e1t za rok. Nemus\u00ed to b\u00fdt finan\u010dn\u011b n\u00e1ro\u010dn\u00e9 To ov\u0161em m\u016f\u017ee b\u00fdt velmi n\u00e1ro\u010dn\u00e9 po finan\u010dn\u00ed str\u00e1nce a hledat levn\u011bj\u0161\u00ed \u0159e\u0161en\u00ed se p\u0159\u00edmo vnucuje. M\u016f\u017eete to zkusit t\u0159eba s Chorvatskem 2016 levn\u00fdmi partm\u00e1ny p\u0159\u00edmo u mo\u0159e. Jedn\u00e1 se o levnou, ale z\u00e1rove\u0148 naprosto \u00fa\u017easnou variantu, kter\u00e1 V\u00e1m bude zajist\u00e9 vyhovovat. Z\u00e1le\u017e\u00ed jen na V\u00e1s, kterou dalmatskou lokalitu si ke sv\u00e9 zdravotn\u00ed dovolen\u00e9 vyberete.                                                                                                                                                                                                                                                                                                                                                                                        5\/5 - (1 vote)        "},{"@context":"https:\/\/schema.org\/","@type":"BreadcrumbList","itemListElement":[{"@type":"ListItem","position":1,"name":"U\u017e za prvn\u00ed republiky","item":"https:\/\/www.camellie.cz\/uz-za-prvni-republiky\/#breadcrumbitem"}]}]