[{"@context":"https:\/\/schema.org\/","@type":"Article","@id":"https:\/\/www.camellie.cz\/vestavena-skrin-v-bytovem-dome\/#Article","mainEntityOfPage":"https:\/\/www.camellie.cz\/vestavena-skrin-v-bytovem-dome\/","headline":"Vestav\u011bn\u00e1 sk\u0159\u00ed\u0148 v bytov\u00e9m dom\u011b","name":"Vestav\u011bn\u00e1 sk\u0159\u00ed\u0148 v bytov\u00e9m dom\u011b","description":"Z\u00edskali jste d\u011bdictv\u00edm, v\u00fdm\u011bnou \u010di koup\u00ed m\u011bstsk\u00fd byt, nap\u0159\u00edklad na kladensk\u00e9m s\u00eddli\u0161ti v Rozd\u011blov\u011b? Tamn\u00ed [&hellip;]","datePublished":"2024-11-27","dateModified":"2024-11-27","author":{"@type":"Person","@id":"https:\/\/www.camellie.cz\/author\/#Person","name":"","url":"https:\/\/www.camellie.cz\/author\/","identifier":1,"image":{"@type":"ImageObject","@id":"https:\/\/secure.gravatar.com\/avatar\/01173f1da90dde8adb887d6793fa4e42c4004e53f8d645d9b1cb57c2dee8e188?s=96&d=mm&r=g","url":"https:\/\/secure.gravatar.com\/avatar\/01173f1da90dde8adb887d6793fa4e42c4004e53f8d645d9b1cb57c2dee8e188?s=96&d=mm&r=g","height":96,"width":96}},"publisher":{"@type":"Organization","name":"camellie.cz","logo":{"@type":"ImageObject","@id":"\/logo.png","url":"\/logo.png","width":600,"height":60}},"image":{"@type":"ImageObject","@id":"https:\/\/www.camellie.cz\/wp-content\/uploads\/room-9011229_640_6.jpg","url":"https:\/\/www.camellie.cz\/wp-content\/uploads\/room-9011229_640_6.jpg","height":0,"width":0},"url":"https:\/\/www.camellie.cz\/vestavena-skrin-v-bytovem-dome\/","about":["N\u00e1kupy"],"wordCount":427,"articleBody":"        Z\u00edskali jste d\u011bdictv\u00edm, v\u00fdm\u011bnou \u010di koup\u00ed m\u011bstsk\u00fd byt, nap\u0159\u00edklad na kladensk\u00e9m s\u00eddli\u0161ti v Rozd\u011blov\u011b? Tamn\u00ed prost\u0159ed\u00ed pat\u0159\u00ed k t\u011bm atraktivn\u011bj\u0161\u00edm, proto\u017ee za ulic\u00ed Sportovc\u016f se nach\u00e1z\u00ed zalesn\u011bn\u00fd \u00fasek \u2013 Lap\u00e1k a z vy\u0161\u0161\u00edch pater dom\u016f je i v\u00fdhled na K\u0159ivokl\u00e1tskou vrchovinu, je\u017e pat\u0159\u00ed k obl\u00edben\u00fdm rekrea\u010dn\u00edm lokalit\u00e1m v okol\u00ed \u0159eky Berounky. Jestli\u017ee tedy m\u00e1te k dispozici byt, kter\u00fd nen\u00ed dosud za\u0159\u00edzen n\u00e1bytkem a z\u00e1rove\u0148 nen\u00ed t\u0159eba jeho rozs\u00e1hl\u00e1 stavebn\u00ed rekonstrukce, pak bychom v\u00e1m mohli navrhnout vy\u0159e\u0161it \u00falo\u017en\u00fd prostor vestav\u011bnou sk\u0159\u00edn\u00ed. Rad\u011bji p\u0159eds\u00ed\u0148 \u2013 vestav\u011bnou sk\u0159\u00ed\u0148 lze teoreticky um\u00edstit t\u0159eba do lo\u017enice, ale toto \u0159e\u0161en\u00ed zva\u017ete, proto\u017ee budete m\u00edt tamn\u00ed prostor r\u00e1zem zapln\u011bn\u00fd v\u011bt\u0161inou va\u0161ich v\u011bc\u00ed. I kdy\u017e budou vnit\u0159n\u00ed prostory kr\u00fdt posuvn\u00e9 dve\u0159e, bude to st\u00e1le skladi\u0161t\u011b. Mnoz\u00ed lid\u00e9 rad\u011bji uv\u00edtaj\u00ed lo\u017enici polopr\u00e1zdnou, bez n\u00e1bytku, pouze s no\u010dn\u00edmi stolky a postel\u00ed a s dekoracemi, jako jsou nap\u0159\u00edklad pokojov\u00e9 rostliny, a vestavbu na m\u00edru nechaj\u00ed instalovat do p\u0159eds\u00edn\u011b. P\u0159eds\u00ed\u0148 m\u016f\u017ee b\u00fdt zapln\u011bna v\u011bcmi a\u017e ke stropu, a i kdy\u017e j\u00ed vestavba na m\u00edru z\u00fa\u017e\u00ed, vy se tu nebudete nikdy zdr\u017eovat p\u0159\u00edli\u0161 dlouho, proto\u017ee p\u0159eds\u00edn\u011b nepat\u0159\u00ed k b\u011b\u017en\u00fdm obytn\u00fdm prostor\u00e1m, jako jsou ob\u00fdvac\u00ed pokoje, pracovny, kuchyn\u011b \u010di lo\u017enice. V\u0161e na jednom m\u00edst\u011b \u2013 m\u00edt v\u0161echny v\u011bci na jednom m\u00edst\u011b je v\u00fdhodn\u00e9 v tom, \u017ee nemus\u00edte nikde nic hledat a pob\u00edhat sem a tam, jednodu\u0161e posunete dve\u0159e na stranu a vid\u00edte p\u0159ed sebou ulo\u017een\u00e9 p\u0159edm\u011bty. A pokud nejste nepo\u0159\u00e1dn\u00ed a d\u016fsledn\u011b ukl\u00e1d\u00e1te v\u011bci tam, kam pat\u0159\u00ed, budete m\u00edt o nich perfektn\u00ed p\u0159ehled.Sv\u011btl\u00e9 barvy \u2013 \u010d\u00edm sv\u011btlej\u0161\u00ed barvy sk\u0159\u00edn\u00ed (vnit\u0159ku i posuvn\u00fdch dve\u0159\u00ed), t\u00edm v\u00edce sv\u011btla v\u00e1m odraz\u00ed do m\u00edstnosti. Sv\u011btl\u00e9 barvy tak\u00e9 opticky prostor zv\u011bt\u0161uj\u00ed.Zrcadla ano \u010di ne \u2013 na posuvn\u00e9 dve\u0159e lze um\u00edstit i zrcadla, a to jak v cel\u00e9 \u0161\u00ed\u0159e a v\u00fd\u0161ce dve\u0159\u00ed, tak i v jejich \u010d\u00e1sti, nap\u0159\u00edklad uprost\u0159ed, tvarovan\u00e9 po obvodu do rozmanit\u00fdch k\u0159ivek.                                                                                                                                                                                                                                                                                                                                                                                          3.4\/5 - (5 votes)        "},{"@context":"https:\/\/schema.org\/","@type":"BreadcrumbList","itemListElement":[{"@type":"ListItem","position":1,"name":"Vestav\u011bn\u00e1 sk\u0159\u00ed\u0148 v bytov\u00e9m dom\u011b","item":"https:\/\/www.camellie.cz\/vestavena-skrin-v-bytovem-dome\/#breadcrumbitem"}]}]