[{"@context":"https:\/\/schema.org\/","@type":"Article","@id":"https:\/\/www.camellie.cz\/vyznamne-zmeny-v-obchodnim-pravu-od-roku-2014\/#Article","mainEntityOfPage":"https:\/\/www.camellie.cz\/vyznamne-zmeny-v-obchodnim-pravu-od-roku-2014\/","headline":"V\u00fdznamn\u00e9 zm\u011bny v obchodn\u00edm pr\u00e1vu od roku 2014","name":"V\u00fdznamn\u00e9 zm\u011bny v obchodn\u00edm pr\u00e1vu od roku 2014","description":"Ka\u017ed\u00fd podnikatel v\u00ed, jak bylo t\u011b\u017ek\u00e9 nejen podnikat, ale v\u016fbec zalo\u017eit nap\u0159\u00edklad spole\u010dnost s ru\u010den\u00edm [&hellip;]","datePublished":"2024-11-30","dateModified":"2024-11-30","author":{"@type":"Person","@id":"https:\/\/www.camellie.cz\/author\/#Person","name":"","url":"https:\/\/www.camellie.cz\/author\/","identifier":1,"image":{"@type":"ImageObject","@id":"https:\/\/secure.gravatar.com\/avatar\/01173f1da90dde8adb887d6793fa4e42c4004e53f8d645d9b1cb57c2dee8e188?s=96&d=mm&r=g","url":"https:\/\/secure.gravatar.com\/avatar\/01173f1da90dde8adb887d6793fa4e42c4004e53f8d645d9b1cb57c2dee8e188?s=96&d=mm&r=g","height":96,"width":96}},"publisher":{"@type":"Organization","name":"camellie.cz","logo":{"@type":"ImageObject","@id":"\/logo.png","url":"\/logo.png","width":600,"height":60}},"image":{"@type":"ImageObject","@id":"https:\/\/www.camellie.cz\/wp-content\/uploads\/podpis%20smlouvy_10_10_10_10_10_10_10_10_10_10_10_10_10_8.jpg","url":"https:\/\/www.camellie.cz\/wp-content\/uploads\/podpis%20smlouvy_10_10_10_10_10_10_10_10_10_10_10_10_10_8.jpg","height":0,"width":0},"url":"https:\/\/www.camellie.cz\/vyznamne-zmeny-v-obchodnim-pravu-od-roku-2014\/","about":["Slu\u017eby"],"wordCount":443,"articleBody":"   Ka\u017ed\u00fd podnikatel v\u00ed, jak bylo t\u011b\u017ek\u00e9 nejen podnikat, ale v\u016fbec zalo\u017eit nap\u0159\u00edklad spole\u010dnost s ru\u010den\u00edm omezen\u00fdm (s.r.o.). To v\u0161e se v\u00fdrazn\u011b zm\u011bnilo a nov\u00fd z\u00e1kon o obchodn\u00edch spole\u010dnostech a novelizace ob\u010dansk\u00e9ho z\u00e1kon\u00edku p\u0159inesl podnikatel\u016fm jednodu\u0161\u0161\u00ed podm\u00ednky pro zakl\u00e1d\u00e1n\u00ed spole\u010dnost\u00ed. Aby to ov\u0161em nebylo zase a\u017e tak jednoduch\u00e9, tak spolu s t\u00edm jdou ruku v ruce tak\u00e9 vy\u0161\u0161\u00ed n\u00e1roky na odpov\u011bdnost \u010dlen\u016f org\u00e1n\u016f. Jednodu\u0161\u0161\u00ed zakl\u00e1d\u00e1n\u00ed spole\u010dnost\u00ed Jednou z kl\u00ed\u010dov\u00fdch zm\u011bn je sn\u00ed\u017een\u00ed administrativn\u00ed z\u00e1t\u011b\u017ee p\u0159i zakl\u00e1d\u00e1n\u00ed spole\u010dnost\u00ed s ru\u010den\u00edm omezen\u00fdm (s.r.o.). Nov\u011b je mo\u017en\u00e9 zalo\u017eit s.r.o. bez povinnosti skl\u00e1dat z\u00e1kladn\u00ed kapit\u00e1l. Podnikatel\u00e9 mohou prok\u00e1zat solventnost jin\u00fdmi zp\u016fsoby, nap\u0159\u00edklad p\u0159edlo\u017een\u00edm z\u00e1ruk nebo smluv o budouc\u00ed spolupr\u00e1ci. Tato zm\u011bna m\u011bla za c\u00edl zp\u0159\u00edstupnit podnik\u00e1n\u00ed \u0161ir\u0161\u00edm vrstv\u00e1m obyvatel a podpo\u0159it vznik nov\u00fdch podnikatelsk\u00fdch subjekt\u016f. Je pravdou, \u017ee ji uv\u00edtalo pom\u011brn\u011b dost jedinc\u016f. Nov\u00fd z\u00e1kon chr\u00e1n\u00ed v\u011b\u0159itele p\u0159ed neodpov\u011bdn\u00fdm hospoda\u0159en\u00edm. Spole\u010dnosti budou moci vypl\u00e1cet pod\u00edly na zisku \u010di z\u00e1lohy na n\u011b pouze tehdy, pokud t\u00edm neohroz\u00ed svou platebn\u00ed schopnost. Tento mechanismus m\u00e1 zabr\u00e1nit situac\u00edm, kdy by se podniky dostaly do \u00fapadku v d\u016fsledku  http:\/\/www.praha.eu\/jnp\/cz\/potrebuji_resit\/zivotni_situace\/dopravnespravni_cinnosti\/registr_ridicu\/registr_ridicu-postup_pri_zadosti_o_vraceni_ridicskeho_1.html nep\u0159im\u011b\u0159en\u00fdch finan\u010dn\u00edch operac\u00ed, co\u017e je dal\u0161\u00ed velmi prosp\u011b\u0161n\u00fd krok. V\u011bt\u0161\u00ed odpov\u011bdnost \u010dlen\u016f org\u00e1n\u016f V\u0161e velmi z\u0159eteln\u011b popisuje Zalo\u017een\u00ed s.r.o. v roce 2014 Profisidla, kdy \u010dlenov\u00e9 org\u00e1n\u016f obchodn\u00edch spole\u010dnost\u00ed se museli p\u0159ipravit na zv\u00fd\u0161en\u00e9 po\u017eadavky na jejich odborn\u00e9 znalosti a odpov\u011bdnost. Pokud by jednatel spole\u010dnosti nejednal jako \u0159\u00e1dn\u00fd hospod\u00e1\u0159, m\u016f\u017ee n\u00e9st odpov\u011bdnost nejen profesn\u00ed, ale tak\u00e9 osobn\u00ed a v\u010detn\u011b mo\u017enosti ztr\u00e1ty osobn\u00edho majetku. D\u00e1le pod\u00edly na spole\u010dnostech se mohly vt\u011blit do cenn\u00fdch pap\u00edr\u016f naz\u00fdvan\u00fdch kmenov\u00e9 listy. Tyto listy usnadn\u00ed p\u0159evoditelnost pod\u00edl\u016f a zjednodu\u0161\u00ed spr\u00e1vu majetkov\u00fdch vztah\u016f mezi spole\u010dn\u00edky. Kmenov\u00fd list je toti\u017e cenn\u00fdm pap\u00edrem a osoba, kter\u00e1 kmenov\u00fd list vlastn\u00ed, je na kmenov\u00e9m listu v\u017edy uvedena. Tud\u00ed\u017e nen\u00ed mo\u017en\u00e1 zam\u011bnitelnost.                                                                                                                                                                                                                                                                                                                                                                                           4.4\/5 - (8 votes)        "},{"@context":"https:\/\/schema.org\/","@type":"BreadcrumbList","itemListElement":[{"@type":"ListItem","position":1,"name":"V\u00fdznamn\u00e9 zm\u011bny v obchodn\u00edm pr\u00e1vu od roku 2014","item":"https:\/\/www.camellie.cz\/vyznamne-zmeny-v-obchodnim-pravu-od-roku-2014\/#breadcrumbitem"}]}]